{"id":3344,"date":"2011-12-30T11:20:02","date_gmt":"2011-12-30T12:20:02","guid":{"rendered":"http:\/\/santamariaazores.com\/web\/?p=3344"},"modified":"2011-12-30T11:20:02","modified_gmt":"2011-12-30T12:20:02","slug":"max-brix-elizabeth-homenagem-da-acma","status":"publish","type":"post","link":"http:\/\/santamariaazores.com\/web\/2011\/12\/30\/max-brix-elizabeth-homenagem-da-acma\/","title":{"rendered":"Max Brix Elizabeth &#8211; Homenagem da ACMA"},"content":{"rendered":"<p><img decoding=\"async\" loading=\"lazy\" class=\"alignleft\" style=\"margin-left: 11px; margin-right: 11px;\" src=\"https:\/\/fbcdn-sphotos-a.akamaihd.net\/hphotos-ak-snc6\/230607_219634544720938_193591453991914_899636_478930_n.jpg\" alt=\"\" width=\"200\" height=\"250\" \/>Revirando as mem\u00f3rias de 2011 da nossa Santa Maria, deparei-me com este v\u00eddeo da homenagem feita ao Max, em plena Mar\u00e9 de Agosto. \u00a0O mesmo teve lugar durante o concerto da banda mariense Ronda da Madrugada e contou com a participa\u00e7\u00e3o especial de Jos\u00e9 Medeiros. O Max foi uma figura incontorn\u00e1vel da hist\u00f3ria desta associa\u00e7\u00e3o e ficar\u00e1 para sempre presente na nossa mem\u00f3ria. Dia 28 de dezembro, seria o seu anivers\u00e1rio; em jeito de presente, aqui fica este v\u00eddeo.<\/p>\n<p><span style=\"color: #ffffff;\">.<\/span><\/p>\n<p><span style=\"color: #ffffff;\">.<\/span><\/p>\n<p><span style=\"color: #ffffff;\">.<\/span><\/p>\n<p><span style=\"color: #ffffff;\">.<\/span><\/p>\n<p>Foto: <a title=\"Max no Facebook\" href=\"https:\/\/www.facebook.com\/pages\/Max-Brix-Elisabeth\/193591453991914\" target=\"_blank\">Perfil do Facebook<\/a><\/p>\n<p><object width=\"600\" height=\"335\" classid=\"clsid:d27cdb6e-ae6d-11cf-96b8-444553540000\" codebase=\"http:\/\/download.macromedia.com\/pub\/shockwave\/cabs\/flash\/swflash.cab#version=6,0,40,0\"><param name=\"allowFullScreen\" value=\"true\" \/><param name=\"allowscriptaccess\" value=\"always\" \/><param name=\"src\" value=\"http:\/\/www.youtube.com\/v\/N-hhGdfREFs?version=3&amp;hl=pt_PT\" \/><param name=\"allowfullscreen\" value=\"true\" \/><embed width=\"600\" height=\"335\" type=\"application\/x-shockwave-flash\" src=\"http:\/\/www.youtube.com\/v\/N-hhGdfREFs?version=3&amp;hl=pt_PT\" allowFullScreen=\"true\" allowscriptaccess=\"always\" allowfullscreen=\"true\" \/><\/object><\/p>\n<p>&nbsp;<\/p>\n<p>Nascido nesta ilha a 28 de Dezembro de 1949, Max Elisabeth, tem \u00a0e dois filhos e\u00a0teria agora 62 anos, foi um dos fundadores do Festival Mar\u00e9 de Agosto, o mais antigo nos A\u00e7ores e que comemorou em 2009 as bodas de prata.<\/p>\n<p>Max Elisabeth, antigo colaborador do A\u00e7oriano Oriental, \u00e9 tamb\u00e9m conhecido pelas suas qualidades de fot\u00f3grafo e pelo principal estabelecimento ligado \u00e0 fotografia que existe em Vila do Porto, a &#8220;Foto Pepe&#8221;, um neg\u00f3cio\u00a0iniciado pelo pai em meados do s\u00e9culo passado.<\/p>\n<p>A &#8220;Foto Pepe&#8221; possui, ali\u00e1s, um arquivo composto por mais de um milh\u00e3o de fotografias com registos da vida mariense. Na &#8216;Ilha do Sol&#8217;, Max Elisabeth desenvolveu diversas actividades, tendo-se destacado, inclusive, como desportista e, mais recentemente, na \u00e1rea pol\u00edtica.<\/p>\n<p>Em 2008 foi o terceiro candidato da lista do PS por Santa Maria \u00e0s Elei\u00e7\u00f5es Legislativas Regionais, mas n\u00e3o chegou a ser eleito deputado.<\/p>\n<p>&nbsp;<\/p>\n<p><a href=\"http:\/\/fpepe.com\/\" target=\"_blank\"><img decoding=\"async\" class=\"aligncenter\" src=\"http:\/\/alojaimagens.com\/images\/pxhs4upksqi5vxxeof83.png\" alt=\"\" \/><\/a><\/p>\n","protected":false},"excerpt":{"rendered":"<p>Revirando as mem\u00f3rias de 2011 da nossa Santa Maria, deparei-me com este v\u00eddeo da homenagem feita ao Max, em plena Mar\u00e9 de Agosto. \u00a0O mesmo teve lugar durante o concerto da banda mariense Ronda da Madrugada e contou com a participa\u00e7\u00e3o especial de Jos\u00e9 Medeiros. O Max foi uma figura incontorn\u00e1vel da hist\u00f3ria desta associa\u00e7\u00e3o [&hellip;]<\/p>\n","protected":false},"author":1,"featured_media":0,"comment_status":"open","ping_status":"open","sticky":false,"template":"","format":"standard","meta":[],"categories":[579],"tags":[735,723],"_links":{"self":[{"href":"http:\/\/santamariaazores.com\/web\/wp-json\/wp\/v2\/posts\/3344"}],"collection":[{"href":"http:\/\/santamariaazores.com\/web\/wp-json\/wp\/v2\/posts"}],"about":[{"href":"http:\/\/santamariaazores.com\/web\/wp-json\/wp\/v2\/types\/post"}],"author":[{"embeddable":true,"href":"http:\/\/santamariaazores.com\/web\/wp-json\/wp\/v2\/users\/1"}],"replies":[{"embeddable":true,"href":"http:\/\/santamariaazores.com\/web\/wp-json\/wp\/v2\/comments?post=3344"}],"version-history":[{"count":0,"href":"http:\/\/santamariaazores.com\/web\/wp-json\/wp\/v2\/posts\/3344\/revisions"}],"wp:attachment":[{"href":"http:\/\/santamariaazores.com\/web\/wp-json\/wp\/v2\/media?parent=3344"}],"wp:term":[{"taxonomy":"category","embeddable":true,"href":"http:\/\/santamariaazores.com\/web\/wp-json\/wp\/v2\/categories?post=3344"},{"taxonomy":"post_tag","embeddable":true,"href":"http:\/\/santamariaazores.com\/web\/wp-json\/wp\/v2\/tags?post=3344"}],"curies":[{"name":"wp","href":"https:\/\/api.w.org\/{rel}","templated":true}]}}