{"id":3337,"date":"2011-12-29T15:30:05","date_gmt":"2011-12-29T16:30:05","guid":{"rendered":"http:\/\/santamariaazores.com\/web\/?p=3337"},"modified":"2011-12-29T15:30:05","modified_gmt":"2011-12-29T16:30:05","slug":"ermida-de-nossa-senhora-do-monserrate","status":"publish","type":"post","link":"http:\/\/santamariaazores.com\/web\/2011\/12\/29\/ermida-de-nossa-senhora-do-monserrate\/","title":{"rendered":"Ermida de Nossa Senhora do Monserrate"},"content":{"rendered":"<p>Em mem\u00f3ria de Manuel Chaves Carvalho<\/p>\n<p>Do Livro \u201c<a title=\"Igrejas e Ermidas de Santa Maria\" href=\"http:\/\/santamariaazores.com\/web\/2011\/11\/14\/igrejas-e-ermidas-de-santa-maria-foi-ha-10-anos\/\" target=\"_blank\">Igrejas e Ermidas de Santa Maria em Verso<\/a>\u201c<\/p>\n<p style=\"text-align: left;\"><img decoding=\"async\" loading=\"lazy\" class=\"aligncenter\" src=\"http:\/\/upload.wikimedia.org\/wikipedia\/commons\/thumb\/9\/99\/Erm_n_s_monserrate_3.JPG\/800px-Erm_n_s_monserrate_3.JPG\" alt=\"\" width=\"600\" height=\"450\" \/><\/p>\n<p style=\"text-align: left;\">No Pa\u00fal uma Ermida havia<\/p>\n<p style=\"text-align: left;\">Que \u00a0tinha uma imagem bela<\/p>\n<p style=\"text-align: left;\">Ainda se v\u00ea hoje em dia<\/p>\n<p style=\"text-align: left;\">Onde era o lugar dela.<\/p>\n<p style=\"text-align: left;\">.<\/p>\n<p style=\"text-align: left;\">H\u00e1 anos que est\u00e1 desfeita[1]<\/p>\n<p style=\"text-align: left;\">Mas h\u00e1 quem diga hoje em dia<\/p>\n<p style=\"text-align: left;\">Que foi a segunda a ser feita<\/p>\n<p style=\"text-align: left;\">Na Ilha de Santa Maria.<\/p>\n<p style=\"text-align: left;\">.<\/p>\n<p style=\"text-align: left;\">O altar de ajulejos era forrado<\/p>\n<p style=\"text-align: left;\">Na Igreja de S\u00e3o Pedro est\u00e3o<\/p>\n<p style=\"text-align: left;\">Onde se v\u00ea um bispo ajoelhado<\/p>\n<p style=\"text-align: left;\">A fazer a sua ora\u00e7\u00e3o.<\/p>\n<p style=\"text-align: left;\">.<\/p>\n<p style=\"text-align: left;\">Manuel Corvelo construiu<\/p>\n<p style=\"text-align: left;\">A Igreja de nossa Senhora<\/p>\n<p style=\"text-align: left;\">H\u00e1 muitos anos se demoliu,<\/p>\n<p style=\"text-align: left;\">Estando em ru\u00ednas agora.[1]<\/p>\n<p style=\"text-align: left;\">.<\/p>\n<p style=\"text-align: left;\">Segundo se ouve dizer<\/p>\n<p style=\"text-align: left;\">Por algu\u00e9m da popula\u00e7\u00e3o<\/p>\n<p style=\"text-align: left;\">Que brevemente vai haver<\/p>\n<p style=\"text-align: left;\">Uma nova reconstru\u00e7\u00e3o.[1]<\/p>\n<p style=\"text-align: left;\">.<\/p>\n<p style=\"text-align: left;\">Manuel Chaves Carvalho<\/p>\n<p style=\"text-align: left;\">[1] Aquando do livro\u00a0\u201c<em>Igrejas e Ermidas de Santa Maria em Verso<\/em>\u201c em 2001, estava ainda em ru\u00ednas, tendo decorrido esfor\u00e7os para o seu restauro a partir de 1997 tendo o restauro sido conclu\u00eddo em 2005.<\/p>\n<h2>Hist\u00f3ria<\/h2>\n<p>Gaspar Frutuoso, nas\u00a0<em>Saudades da Terra<\/em>, refere uma Ermida do Monserrate, erguida por Heitor Gon\u00e7alves Minhoto, um rico mercador que viveu em Vila do Porto no in\u00edcio do\u00a0s\u00e9culo XVI, e que desposou D. Joana de Sousa, filha do 3\u00ba\u00a0capit\u00e3o do donat\u00e1rio,\u00a0Jo\u00e3o Soares de Sousa, e de sua esposa, D. Guiomar da Cunha. Este comerciante possu\u00eda uma casa de Ver\u00e3o em Monserrate onde mandou edificar essa ermida sob a invoca\u00e7\u00e3o de Nossa Senhora de Monserrate. Sobre os talentos deste, o cronista registou que, &#8220;<em>(&#8230;) se vivera mais tempo, acabara por comprar toda a ilha e toda ela seria sua.<\/em>&#8221;<\/p>\n<p>O atual templo foi erguido em\u00a01735\u00a0pelo Capit\u00e3o\u00a0Manuel de Rezendes de Carvalho, de quem pouco se sabe, a n\u00e3o ser que o seu nome figura no corpo directivo da\u00a0Santa Casa da Miseric\u00f3rdia de Vila do Porto\u00a0e registado em tr\u00eas documentos transcritos no\u00a0Arquivo dos A\u00e7ores\u00a0(vol. XV, p. 87-89).<\/p>\n<p>Patente na ermida encontrava-se uma campa rasa, recoberta com uma grande l\u00e1pide de pedra da Cr\u00e9s, onde estava gravado o nome do fundador, ali sepultado. No entanto, conforme Ars\u00e9nio Chaves Puim, esse t\u00famulo foi vandalizado em tempos recentes (depois da\u00a0d\u00e9cada de 1960) e desapareceu.<\/p>\n<p>Em meados do\u00a0s\u00e9culo XX\u00a0a ermida, implantada em local isolado, encontrava-se j\u00e1 degradada, v\u00edtima de arrombamento frequentes das portas e de ocupa\u00e7\u00e3o inapropriada do interior. Ao final da\u00a0d\u00e9cada de 1950, foi provisoriamente abandonada, procedendo-se \u00e0 traslada\u00e7\u00e3o do seu esp\u00f3lio para as depend\u00eancias da\u00a0Igreja Paroquial de S\u00e3o Pedro. \u00c0 \u00e9poca projetava-se reconstruir a ermida mais a leste, junto \u00e0 estrada do Paul. Entretanto, ap\u00f3s quase cinco d\u00e9cadas, a Junta de Freguesia de S\u00e3o Pedro deliberou proceder a restaura\u00e7\u00e3o, no que recebeu o apoio da C\u00e2mara Municipal de Vila do Porto e o aux\u00edlio de emigrantes de S\u00e3o Pedro residentes na\u00a0Am\u00e9rica do Norte. Os trabalhos estenderam-se de\u00a01997\u00a0a\u00a02005, com um or\u00e7amento estimado em cerca de 25 mil euros, e foi executado respeitando a tra\u00e7a original e no mesmo local.<\/p>\n<p>&nbsp;<\/p>\n<p>Siga no&#8230;<\/p>\n<p style=\"text-align: left;\"><a href=\"https:\/\/www.facebook.com\/santamaria.azores\" target=\"_blank\"><img decoding=\"async\" loading=\"lazy\" class=\"alignleft\" src=\"http:\/\/alojaimagens.com\/images\/jda70ehc7n6b28g3x0d5.png\" alt=\"\" width=\"49\" height=\"49\" \/><\/a><\/p>\n<p>\u00a0<a href=\"https:\/\/twitter.com\/#!\/SantaMariaAzore\" target=\"_blank\"><img decoding=\"async\" class=\"alignleft\" src=\"http:\/\/alojaimagens.com\/images\/hhenjxx6yahw9uxxz8yf.png\" alt=\"\" \/><\/a><a href=\"http:\/\/santamariaazores.com\/web\/feed\/\" target=\"_blank\"><img decoding=\"async\" src=\"http:\/\/alojaimagens.com\/images\/i0m6z3kl4ku7i9931y.png\" alt=\"\" \/><\/a><br \/>\n<a href=\"http:\/\/www.santamariaazores.com\/p\" target=\"_blank\"><img decoding=\"async\" class=\"aligncenter\" src=\"http:\/\/santamariaazores.com\/pasma.png\" alt=\"\" \/><\/a><\/p>\n","protected":false},"excerpt":{"rendered":"<p>Em mem\u00f3ria de Manuel Chaves Carvalho Do Livro \u201cIgrejas e Ermidas de Santa Maria em Verso\u201c No Pa\u00fal uma Ermida havia Que \u00a0tinha uma imagem bela Ainda se v\u00ea hoje em dia Onde era o lugar dela. . H\u00e1 anos que est\u00e1 desfeita[1] Mas h\u00e1 quem diga hoje em dia Que foi a segunda a [&hellip;]<\/p>\n","protected":false},"author":1,"featured_media":0,"comment_status":"open","ping_status":"open","sticky":false,"template":"","format":"standard","meta":[],"categories":[579],"tags":[721,580],"_links":{"self":[{"href":"http:\/\/santamariaazores.com\/web\/wp-json\/wp\/v2\/posts\/3337"}],"collection":[{"href":"http:\/\/santamariaazores.com\/web\/wp-json\/wp\/v2\/posts"}],"about":[{"href":"http:\/\/santamariaazores.com\/web\/wp-json\/wp\/v2\/types\/post"}],"author":[{"embeddable":true,"href":"http:\/\/santamariaazores.com\/web\/wp-json\/wp\/v2\/users\/1"}],"replies":[{"embeddable":true,"href":"http:\/\/santamariaazores.com\/web\/wp-json\/wp\/v2\/comments?post=3337"}],"version-history":[{"count":0,"href":"http:\/\/santamariaazores.com\/web\/wp-json\/wp\/v2\/posts\/3337\/revisions"}],"wp:attachment":[{"href":"http:\/\/santamariaazores.com\/web\/wp-json\/wp\/v2\/media?parent=3337"}],"wp:term":[{"taxonomy":"category","embeddable":true,"href":"http:\/\/santamariaazores.com\/web\/wp-json\/wp\/v2\/categories?post=3337"},{"taxonomy":"post_tag","embeddable":true,"href":"http:\/\/santamariaazores.com\/web\/wp-json\/wp\/v2\/tags?post=3337"}],"curies":[{"name":"wp","href":"https:\/\/api.w.org\/{rel}","templated":true}]}}