{"id":2711,"date":"2011-11-17T16:02:12","date_gmt":"2011-11-17T17:02:12","guid":{"rendered":"http:\/\/santamariaazores.com\/web\/?p=2711"},"modified":"2011-11-17T16:02:12","modified_gmt":"2011-11-17T17:02:12","slug":"ermida-de-sao-pedro-goncalves","status":"publish","type":"post","link":"http:\/\/santamariaazores.com\/web\/2011\/11\/17\/ermida-de-sao-pedro-goncalves\/","title":{"rendered":"Ermida de S\u00e3o Pedro Gon\u00e7alves"},"content":{"rendered":"<p style=\"text-align: center;\">Em mem\u00f3ria de Manuel Chaves Carvalho<\/p>\n<p style=\"text-align: center;\">Do Livro \u201c<a title=\"Igrejas e Ermidas de Santa Maria\" href=\"http:\/\/santamariaazores.com\/web\/2011\/11\/14\/igrejas-e-ermidas-de-santa-maria-foi-ha-10-anos\/\" target=\"_blank\">Igrejas e Ermidas de Santa Maria em Verso<\/a>\u201c<\/p>\n<p style=\"text-align: center;\"><img decoding=\"async\" loading=\"lazy\" class=\"aligncenter\" src=\"http:\/\/upload.wikimedia.org\/wikipedia\/commons\/thumb\/7\/7d\/Erm_s_pedr_gon%C3%A7_6.JPG\/800px-Erm_s_pedr_gon%C3%A7_6.JPG\" alt=\"\" width=\"600\" height=\"450\" \/>Foto: Wikimedia Commons<\/p>\n<p style=\"text-align: center;\">\n<p style=\"text-align: left;\">Tem S. Gon\u00e7alves ao p\u00e9<\/p>\n<p style=\"text-align: left;\">Uma imagem de grandes valores<\/p>\n<p style=\"text-align: left;\">Que presentemente \u00e9<\/p>\n<p style=\"text-align: left;\">O patrono dos pesacdores.<\/p>\n<p style=\"text-align: left;\">.<\/p>\n<p style=\"text-align: left;\">Os pescadores antigamente<\/p>\n<p style=\"text-align: left;\">Faziam festas no cais<\/p>\n<p style=\"text-align: left;\">Onde ia muita gente<\/p>\n<p style=\"text-align: left;\">\u00c0 prociss\u00e3o e aos arraiais.<\/p>\n<p style=\"text-align: left;\">.<\/p>\n<p style=\"text-align: left;\">As lanchas estavam no mar<\/p>\n<p style=\"text-align: left;\">Principalmente as mais maneiras<\/p>\n<p style=\"text-align: left;\">Eram mandadas enfeitar<\/p>\n<p style=\"text-align: left;\">com flores, e com bandeiras.<\/p>\n<p style=\"text-align: left;\">.<\/p>\n<p style=\"text-align: left;\">Faziam uma prociss\u00e3o<\/p>\n<p style=\"text-align: left;\">Em homenagem ao protector<\/p>\n<p style=\"text-align: left;\">Muitas vezes a\u00a0embarca\u00e7\u00e3o<\/p>\n<p style=\"text-align: left;\">\u00c9 que servia de andor.<\/p>\n<p style=\"text-align: left;\">.<\/p>\n<p style=\"text-align: left;\">Quando uma embarca\u00e7\u00e3o<\/p>\n<p style=\"text-align: left;\">Fazia muito dinheiro<\/p>\n<p style=\"text-align: left;\">Faziam sempre um quinh\u00e3o<\/p>\n<p style=\"text-align: left;\">A S.\u00a0Gon\u00e7alves\u00a0padroeiro.<\/p>\n<p style=\"text-align: left;\"><span style=\"color: #ffffff;\">.<\/span><\/p>\n<p style=\"text-align: left;\">Manuel\u00a0Chaves Carvalho, Poeta Popular Mariense.<\/p>\n<p style=\"text-align: left;\"><span style=\"color: #ffffff;\">.<\/span><\/p>\n<p style=\"text-align: left;\">Wikip\u00e9dia, hist\u00f3ria:<\/p>\n<p>S\u00e3o Pedro Gon\u00e7alves Telmo \u00e9 o padroeiro dos homens do mar. A sua devo\u00e7\u00e3o difundiu-se a partir das Grandes Navega\u00e7\u00f5es, ligada ao chamado &#8220;Corpo Santo&#8221;, as fa\u00edscas azuladas por vezes observadas no topo do mastros das embarca\u00e7\u00f5es durante as terr\u00edveis tempestades mar\u00edtimas e que tamb\u00e9m foi chamado de &#8220;fogo-de-santelmo&#8221;.<\/p>\n<p>Ainda antigamente, durante a festa em homenagem ao padroeiro, a irmandade distribu\u00eda o chamado &#8220;p\u00e3o do fastio&#8221;, um p\u00e3o bento, muito procurado pelos homens do mar e pelas gestantes como rem\u00e9dio contra o enjoo. A tradi\u00e7\u00e3o ligava esse p\u00e3o a um milagre atribu\u00eddo ao santo, quando pregava o dogma da Sant\u00edssima Trindade.<\/p>\n<p style=\"text-align: left;\">A festa do padroeiro \u00e9 comemorada, anualmente, a 4 de setembro.<\/p>\n","protected":false},"excerpt":{"rendered":"<p>Em mem\u00f3ria de Manuel Chaves Carvalho Do Livro \u201cIgrejas e Ermidas de Santa Maria em Verso\u201c Foto: Wikimedia Commons Tem S. Gon\u00e7alves ao p\u00e9 Uma imagem de grandes valores Que presentemente \u00e9 O patrono dos pesacdores. . Os pescadores antigamente Faziam festas no cais Onde ia muita gente \u00c0 prociss\u00e3o e aos arraiais. . As [&hellip;]<\/p>\n","protected":false},"author":1,"featured_media":0,"comment_status":"open","ping_status":"open","sticky":false,"template":"","format":"standard","meta":[],"categories":[579],"tags":[585],"_links":{"self":[{"href":"http:\/\/santamariaazores.com\/web\/wp-json\/wp\/v2\/posts\/2711"}],"collection":[{"href":"http:\/\/santamariaazores.com\/web\/wp-json\/wp\/v2\/posts"}],"about":[{"href":"http:\/\/santamariaazores.com\/web\/wp-json\/wp\/v2\/types\/post"}],"author":[{"embeddable":true,"href":"http:\/\/santamariaazores.com\/web\/wp-json\/wp\/v2\/users\/1"}],"replies":[{"embeddable":true,"href":"http:\/\/santamariaazores.com\/web\/wp-json\/wp\/v2\/comments?post=2711"}],"version-history":[{"count":0,"href":"http:\/\/santamariaazores.com\/web\/wp-json\/wp\/v2\/posts\/2711\/revisions"}],"wp:attachment":[{"href":"http:\/\/santamariaazores.com\/web\/wp-json\/wp\/v2\/media?parent=2711"}],"wp:term":[{"taxonomy":"category","embeddable":true,"href":"http:\/\/santamariaazores.com\/web\/wp-json\/wp\/v2\/categories?post=2711"},{"taxonomy":"post_tag","embeddable":true,"href":"http:\/\/santamariaazores.com\/web\/wp-json\/wp\/v2\/tags?post=2711"}],"curies":[{"name":"wp","href":"https:\/\/api.w.org\/{rel}","templated":true}]}}