{"id":2647,"date":"2011-11-15T19:35:14","date_gmt":"2011-11-15T20:35:14","guid":{"rendered":"http:\/\/santamariaazores.com\/web\/?p=2647"},"modified":"2011-11-15T19:37:38","modified_gmt":"2011-11-15T20:37:38","slug":"ermida-de-nossa-senhora-da-conceicao-da-rocha","status":"publish","type":"post","link":"http:\/\/santamariaazores.com\/web\/2011\/11\/15\/ermida-de-nossa-senhora-da-conceicao-da-rocha\/","title":{"rendered":"Ermida de Nossa Senhora da Concei\u00e7\u00e3o da Rocha"},"content":{"rendered":"<p style=\"text-align: center;\">Em mem\u00f3ria de Manuel Chaves Carvalho<\/p>\n<p style=\"text-align: center;\">Do Livro &#8220;<a title=\"Igrejas e Ermidas de Santa Maria\" href=\"http:\/\/santamariaazores.com\/web\/2011\/11\/14\/igrejas-e-ermidas-de-santa-maria-foi-ha-10-anos\/\" target=\"_blank\">Igrejas e Ermidas de Santa Maria em Verso<\/a>&#8220;<\/p>\n<p style=\"text-align: center;\"><img decoding=\"async\" loading=\"lazy\" class=\"aligncenter\" src=\"http:\/\/upload.wikimedia.org\/wikipedia\/commons\/thumb\/a\/a0\/Fte_s_bras_12.JPG\/800px-Fte_s_bras_12.JPG\" alt=\"\" width=\"600\" height=\"450\" \/><\/p>\n<p style=\"text-align: center;\">Foto wikimedia (Carlos M.C. da Cruz)<\/p>\n<p style=\"text-align: left;\">Concei\u00e7\u00e3o da Rocha uma Ermida<\/p>\n<p style=\"text-align: left;\">Onde est\u00e1 Santa Luzia<\/p>\n<p style=\"text-align: left;\">Mundialmente conhecida<\/p>\n<p style=\"text-align: left;\">Por dar cura a quem n\u00e3o via.<\/p>\n<p style=\"text-align: left;\"><span style=\"color: #ffffff;\">&#8230;<\/span><\/p>\n<p style=\"text-align: left;\">Igreja Paroquial era<\/p>\n<p style=\"text-align: left;\">H\u00e1 muitos anos atr\u00e1s<\/p>\n<p style=\"text-align: left;\">Nesta Ermida se venera<\/p>\n<p style=\"text-align: left;\">A imagem de S\u00e3o Br\u00e1s.<\/p>\n<p style=\"text-align: left;\"><span style=\"color: #ffffff;\">&#8230;<\/span><\/p>\n<p style=\"text-align: left;\">O Vig\u00e1rio Baltazar<\/p>\n<p style=\"text-align: left;\">Quando a igreja ardia,<\/p>\n<p style=\"text-align: left;\">Entrou nela para salvar<\/p>\n<p style=\"text-align: left;\">Os Santos que nela havia.<\/p>\n<p style=\"text-align: left;\"><span style=\"color: #ffffff;\">&#8230;<\/span><\/p>\n<p style=\"text-align: left;\">Com o Sant\u00edssimo fugiu,<\/p>\n<p style=\"text-align: left;\">Para n\u00e3o ser queimado,<\/p>\n<p style=\"text-align: left;\">Uma porta se abriu<\/p>\n<p style=\"text-align: left;\">Sem ningu\u00e9m lhe ter tocado.<\/p>\n<p style=\"text-align: left;\"><span style=\"color: #ffffff;\">&#8230;<\/span><\/p>\n<p style=\"text-align: left;\">Pelo fogo n\u00e3o foi atingido<\/p>\n<p style=\"text-align: left;\">Chegou ileso c\u00e1 fora<\/p>\n<p style=\"text-align: left;\">Dizem que deveria ter sido<\/p>\n<p style=\"text-align: left;\">Um milagre de Nossa Senhora.<\/p>\n<p style=\"text-align: left;\"><span style=\"color: #ffffff;\">&#8230;<\/span><\/p>\n<p style=\"text-align: left;\">Manuel Chaves Carvalho, Poeta Popular Mariense<\/p>\n<p style=\"text-align: left;\">Wikip\u00e9dia:<\/p>\n<p><span style=\"text-decoration: underline;\"><strong>A lenda da ermida da Rocha<\/strong><\/span><\/p>\n<p>A tradi\u00e7\u00e3o local liga-a um\u00a0milagre, ocorrido quando do ataque de\u00a0cors\u00e1rios\u00a0Franceses\u00a0sofrido pela ilha em\u00a01576. O vig\u00e1rio, padre Baltazar de Paiva, ao perceber as chamas do\u00a0inc\u00eandio\u00a0que a consumia, nela penetrou para salvar os santos e as alfaias. Com o Sant\u00edssimo Sacramento nas m\u00e3os, a porta lateral Sul, por onde havia penetrado, foi bloqueada pelos atacantes, tornando a sua sa\u00edda imposs\u00edvel. Nesse transe, a porta Norte, que n\u00e3o se abria por dentro, abriu-se inexplicavelmente, permitindo-lhe escapar ileso, tendo o feito sido atribu\u00eddo \u00e0 interven\u00e7\u00e3o de Nossa Senhora.<\/p>\n<p style=\"text-align: left;\"><span style=\"color: #ffffff;\">&#8230;<\/span><\/p>\n","protected":false},"excerpt":{"rendered":"<p>Em mem\u00f3ria de Manuel Chaves Carvalho Do Livro &#8220;Igrejas e Ermidas de Santa Maria em Verso&#8220; Foto wikimedia (Carlos M.C. da Cruz) Concei\u00e7\u00e3o da Rocha uma Ermida Onde est\u00e1 Santa Luzia Mundialmente conhecida Por dar cura a quem n\u00e3o via. &#8230; Igreja Paroquial era H\u00e1 muitos anos atr\u00e1s Nesta Ermida se venera A imagem de [&hellip;]<\/p>\n","protected":false},"author":1,"featured_media":0,"comment_status":"open","ping_status":"open","sticky":false,"template":"","format":"standard","meta":[],"categories":[579],"tags":[585],"_links":{"self":[{"href":"http:\/\/santamariaazores.com\/web\/wp-json\/wp\/v2\/posts\/2647"}],"collection":[{"href":"http:\/\/santamariaazores.com\/web\/wp-json\/wp\/v2\/posts"}],"about":[{"href":"http:\/\/santamariaazores.com\/web\/wp-json\/wp\/v2\/types\/post"}],"author":[{"embeddable":true,"href":"http:\/\/santamariaazores.com\/web\/wp-json\/wp\/v2\/users\/1"}],"replies":[{"embeddable":true,"href":"http:\/\/santamariaazores.com\/web\/wp-json\/wp\/v2\/comments?post=2647"}],"version-history":[{"count":0,"href":"http:\/\/santamariaazores.com\/web\/wp-json\/wp\/v2\/posts\/2647\/revisions"}],"wp:attachment":[{"href":"http:\/\/santamariaazores.com\/web\/wp-json\/wp\/v2\/media?parent=2647"}],"wp:term":[{"taxonomy":"category","embeddable":true,"href":"http:\/\/santamariaazores.com\/web\/wp-json\/wp\/v2\/categories?post=2647"},{"taxonomy":"post_tag","embeddable":true,"href":"http:\/\/santamariaazores.com\/web\/wp-json\/wp\/v2\/tags?post=2647"}],"curies":[{"name":"wp","href":"https:\/\/api.w.org\/{rel}","templated":true}]}}