{"id":2631,"date":"2011-11-14T18:33:03","date_gmt":"2011-11-14T19:33:03","guid":{"rendered":"http:\/\/santamariaazores.com\/web\/?p=2631"},"modified":"2011-11-14T18:33:03","modified_gmt":"2011-11-14T19:33:03","slug":"igrejas-e-ermidas-de-santa-maria-foi-ha-10-anos","status":"publish","type":"post","link":"http:\/\/santamariaazores.com\/web\/2011\/11\/14\/igrejas-e-ermidas-de-santa-maria-foi-ha-10-anos\/","title":{"rendered":"Igrejas e Ermidas de Santa Maria &#8211; Foi h\u00e1 10 anos"},"content":{"rendered":"<p>Foi h\u00e1 dez anos que foi lan\u00e7ado o livro &#8220;Igrejas e Ermidas de Santa Maria, em Verso&#8221; de Manuel de Chaves Carvalho. Foi uma tiragem de apenas 500 exemplares e foi muito\u00a0dif\u00edcil de conseguir um exemplar, mas c\u00e1 est\u00e1 e agora o mundo vai poder\u00a0conhecer este trabalho deste mariense e poeta popular. Nas pr\u00f3ximas semanas vamos levar aos nossos leitores uma transcri\u00e7\u00e3o desta obra, com a devida autoriza\u00e7\u00e3o.<\/p>\n<p>&nbsp;<\/p>\n<p style=\"text-align: center;\"><a title=\"Manuel de Chaves Carvalho\" href=\"http:\/\/alojaimagens.com\/images\/h0arrriht77qo29ppvnm.jpg\" target=\"_blank\"><strong>AMPLIAR<\/strong><\/a><\/p>\n<p style=\"text-align: center;\"><img decoding=\"async\" loading=\"lazy\" class=\"aligncenter\" src=\"http:\/\/alojaimagens.com\/images\/h0arrriht77qo29ppvnm.jpg\" alt=\"\" width=\"600\" height=\"850\" \/><\/p>\n","protected":false},"excerpt":{"rendered":"<p>Foi h\u00e1 dez anos que foi lan\u00e7ado o livro &#8220;Igrejas e Ermidas de Santa Maria, em Verso&#8221; de Manuel de Chaves Carvalho. Foi uma tiragem de apenas 500 exemplares e foi muito\u00a0dif\u00edcil de conseguir um exemplar, mas c\u00e1 est\u00e1 e agora o mundo vai poder\u00a0conhecer este trabalho deste mariense e poeta popular. Nas pr\u00f3ximas semanas [&hellip;]<\/p>\n","protected":false},"author":1,"featured_media":0,"comment_status":"open","ping_status":"open","sticky":false,"template":"","format":"standard","meta":[],"categories":[579],"tags":[537,580,42],"_links":{"self":[{"href":"http:\/\/santamariaazores.com\/web\/wp-json\/wp\/v2\/posts\/2631"}],"collection":[{"href":"http:\/\/santamariaazores.com\/web\/wp-json\/wp\/v2\/posts"}],"about":[{"href":"http:\/\/santamariaazores.com\/web\/wp-json\/wp\/v2\/types\/post"}],"author":[{"embeddable":true,"href":"http:\/\/santamariaazores.com\/web\/wp-json\/wp\/v2\/users\/1"}],"replies":[{"embeddable":true,"href":"http:\/\/santamariaazores.com\/web\/wp-json\/wp\/v2\/comments?post=2631"}],"version-history":[{"count":0,"href":"http:\/\/santamariaazores.com\/web\/wp-json\/wp\/v2\/posts\/2631\/revisions"}],"wp:attachment":[{"href":"http:\/\/santamariaazores.com\/web\/wp-json\/wp\/v2\/media?parent=2631"}],"wp:term":[{"taxonomy":"category","embeddable":true,"href":"http:\/\/santamariaazores.com\/web\/wp-json\/wp\/v2\/categories?post=2631"},{"taxonomy":"post_tag","embeddable":true,"href":"http:\/\/santamariaazores.com\/web\/wp-json\/wp\/v2\/tags?post=2631"}],"curies":[{"name":"wp","href":"https:\/\/api.w.org\/{rel}","templated":true}]}}