{"id":568,"count":0,"description":"Espa\u00e7o daqueles que deixaram a ilha, mas est\u00e3o sempre com a ilha presente, nessa condi\u00e7\u00e3o t\u00e3o Portuguesa de Saudade.","link":"http:\/\/santamariaazores.com\/web\/category\/marinses_diaspora\/","name":"Marienses na Di\u00e1spora","slug":"marinses_diaspora","taxonomy":"category","parent":0,"meta":[],"_links":{"self":[{"href":"http:\/\/santamariaazores.com\/web\/wp-json\/wp\/v2\/categories\/568"}],"collection":[{"href":"http:\/\/santamariaazores.com\/web\/wp-json\/wp\/v2\/categories"}],"about":[{"href":"http:\/\/santamariaazores.com\/web\/wp-json\/wp\/v2\/taxonomies\/category"}],"wp:post_type":[{"href":"http:\/\/santamariaazores.com\/web\/wp-json\/wp\/v2\/posts?categories=568"}],"curies":[{"name":"wp","href":"https:\/\/api.w.org\/{rel}","templated":true}]}}